{"id":847,"date":"2023-11-02T05:59:12","date_gmt":"2023-11-02T04:59:12","guid":{"rendered":"https:\/\/www.kiv-tecklenburg.de\/wordpress\/?p=847"},"modified":"2023-11-02T06:00:06","modified_gmt":"2023-11-02T05:00:06","slug":"jahresprogramm-2024","status":"publish","type":"post","link":"https:\/\/www.kiv-tecklenburg.de\/wordpress\/2023\/11\/02\/jahresprogramm-2024\/","title":{"rendered":"<strong>Jahresprogramm 2024<\/strong>"},"content":{"rendered":"\n<p><a><\/a>Liebe Imkerfreunde,<\/p>\n\n\n\n<p>in den n\u00e4chsten Tagen k\u00f6nnt Ihr innerhalb unserer WhatsApp-Gruppe \u00fcber unser Jahresprogramm 2024 abstimmen. Wir planen erneut drei Veranstaltungen, wovon eine wieder das Coaching f\u00fcr die Honigpr\u00e4mierung des Landesverbandes ist. Die beiden \u00fcbrigen Veranstaltungen d\u00fcrft Ihr w\u00e4hlen.<\/p>\n\n\n\n<p>Vor der Abstimmung warten wir nur noch auf gr\u00fcnes Licht seitens des Landesverbandes, ob wir EU-F\u00f6rdermittel genehmigt bekommen oder nicht. Dies verz\u00f6gert sich aufgrund eines Krankheitsfalles innerhalb des Landesverbandes leider.<\/p>\n","protected":false},"excerpt":{"rendered":"<p>Liebe Imkerfreunde, in den n\u00e4chsten Tagen k\u00f6nnt Ihr innerhalb unserer WhatsApp-Gruppe \u00fcber unser Jahresprogramm 2024 abstimmen. Wir planen erneut drei Veranstaltungen, wovon eine wieder das Coaching f\u00fcr die Honigpr\u00e4mierung des Landesverbandes ist. Die beiden \u00fcbrigen Veranstaltungen d\u00fcrft Ihr w\u00e4hlen. Vor der Abstimmung warten wir nur noch auf gr\u00fcnes Licht seitens des Landesverbandes, ob wir EU-F\u00f6rdermittel genehmigt bekommen oder nicht. Dies&#8230; <a href=\"https:\/\/www.kiv-tecklenburg.de\/wordpress\/2023\/11\/02\/jahresprogramm-2024\/\">Read more &raquo;<\/a><\/p>\n","protected":false},"author":4,"featured_media":0,"comment_status":"closed","ping_status":"open","sticky":false,"template":"","format":"standard","meta":{"footnotes":""},"categories":[1],"tags":[],"class_list":["post-847","post","type-post","status-publish","format-standard","hentry","category-allgemein"],"_links":{"self":[{"href":"https:\/\/www.kiv-tecklenburg.de\/wordpress\/wp-json\/wp\/v2\/posts\/847","targetHints":{"allow":["GET"]}}],"collection":[{"href":"https:\/\/www.kiv-tecklenburg.de\/wordpress\/wp-json\/wp\/v2\/posts"}],"about":[{"href":"https:\/\/www.kiv-tecklenburg.de\/wordpress\/wp-json\/wp\/v2\/types\/post"}],"author":[{"embeddable":true,"href":"https:\/\/www.kiv-tecklenburg.de\/wordpress\/wp-json\/wp\/v2\/users\/4"}],"replies":[{"embeddable":true,"href":"https:\/\/www.kiv-tecklenburg.de\/wordpress\/wp-json\/wp\/v2\/comments?post=847"}],"version-history":[{"count":2,"href":"https:\/\/www.kiv-tecklenburg.de\/wordpress\/wp-json\/wp\/v2\/posts\/847\/revisions"}],"predecessor-version":[{"id":849,"href":"https:\/\/www.kiv-tecklenburg.de\/wordpress\/wp-json\/wp\/v2\/posts\/847\/revisions\/849"}],"wp:attachment":[{"href":"https:\/\/www.kiv-tecklenburg.de\/wordpress\/wp-json\/wp\/v2\/media?parent=847"}],"wp:term":[{"taxonomy":"category","embeddable":true,"href":"https:\/\/www.kiv-tecklenburg.de\/wordpress\/wp-json\/wp\/v2\/categories?post=847"},{"taxonomy":"post_tag","embeddable":true,"href":"https:\/\/www.kiv-tecklenburg.de\/wordpress\/wp-json\/wp\/v2\/tags?post=847"}],"curies":[{"name":"wp","href":"https:\/\/api.w.org\/{rel}","templated":true}]}}