{"id":729,"date":"2023-08-14T07:29:33","date_gmt":"2023-08-14T05:29:33","guid":{"rendered":"https:\/\/www.kiv-tecklenburg.de\/wordpress\/?p=729"},"modified":"2023-09-22T12:45:10","modified_gmt":"2023-09-22T10:45:10","slug":"honigmarkt-des-landesverbandes","status":"publish","type":"post","link":"https:\/\/www.kiv-tecklenburg.de\/wordpress\/2023\/08\/14\/honigmarkt-des-landesverbandes\/","title":{"rendered":"<strong>Honigmarkt des Landesverbandes<\/strong>"},"content":{"rendered":"\n<p>4 Imker unseres Kreisimkervereines haben Lose zur Honigpr\u00e4mierung des Landesverbandes abgegeben. Auf dem Honigmarkt des Landesverbandes werden die Gewinnerhonige ausgezeichnet werden. N\u00e4here Infos gibt es unter folgenden Link:<\/p>\n\n\n\n<p><em> Zum \u00d6ffnen bitte diesen Artikel durch Anklicken der \u00dcberschrift \u00f6ffnen.<\/em><\/p>\n\n\n\n<p><\/p>\n\n\n\n<div class=\"wp-block-buttons is-content-justification-center is-layout-flex wp-container-core-buttons-is-layout-16018d1d wp-block-buttons-is-layout-flex\">\n<div class=\"wp-block-button\"><a class=\"wp-block-button__link has-black-color has-luminous-vivid-amber-background-color has-text-color has-background wp-element-button\">Honigmarkt 2023<\/a><\/div>\n<\/div>\n\n\n\n<p><\/p>\n\n\n\n<figure class=\"wp-block-image size-large\"><img loading=\"lazy\" decoding=\"async\" width=\"726\" height=\"1024\" src=\"https:\/\/www.kiv-tecklenburg.de\/wordpress\/wp-content\/uploads\/2023\/09\/Plakat_Honigmarkt_A4-Bad-Salzuflen-001-726x1024.gif\" alt=\"\" class=\"wp-image-728\" srcset=\"https:\/\/www.kiv-tecklenburg.de\/wordpress\/wp-content\/uploads\/2023\/09\/Plakat_Honigmarkt_A4-Bad-Salzuflen-001-726x1024.gif 726w, https:\/\/www.kiv-tecklenburg.de\/wordpress\/wp-content\/uploads\/2023\/09\/Plakat_Honigmarkt_A4-Bad-Salzuflen-001-213x300.gif 213w, https:\/\/www.kiv-tecklenburg.de\/wordpress\/wp-content\/uploads\/2023\/09\/Plakat_Honigmarkt_A4-Bad-Salzuflen-001-768x1083.gif 768w, https:\/\/www.kiv-tecklenburg.de\/wordpress\/wp-content\/uploads\/2023\/09\/Plakat_Honigmarkt_A4-Bad-Salzuflen-001-624x880.gif 624w\" sizes=\"auto, (max-width: 726px) 100vw, 726px\" \/><\/figure>\n","protected":false},"excerpt":{"rendered":"<p>4 Imker unseres Kreisimkervereines haben Lose zur Honigpr\u00e4mierung des Landesverbandes abgegeben. Auf dem Honigmarkt des Landesverbandes werden die Gewinnerhonige ausgezeichnet werden. N\u00e4here Infos gibt es unter folgenden Link: Zum \u00d6ffnen bitte diesen Artikel durch Anklicken der \u00dcberschrift \u00f6ffnen.<\/p>\n","protected":false},"author":4,"featured_media":0,"comment_status":"closed","ping_status":"open","sticky":false,"template":"","format":"standard","meta":{"footnotes":""},"categories":[1],"tags":[],"class_list":["post-729","post","type-post","status-publish","format-standard","hentry","category-allgemein"],"_links":{"self":[{"href":"https:\/\/www.kiv-tecklenburg.de\/wordpress\/wp-json\/wp\/v2\/posts\/729","targetHints":{"allow":["GET"]}}],"collection":[{"href":"https:\/\/www.kiv-tecklenburg.de\/wordpress\/wp-json\/wp\/v2\/posts"}],"about":[{"href":"https:\/\/www.kiv-tecklenburg.de\/wordpress\/wp-json\/wp\/v2\/types\/post"}],"author":[{"embeddable":true,"href":"https:\/\/www.kiv-tecklenburg.de\/wordpress\/wp-json\/wp\/v2\/users\/4"}],"replies":[{"embeddable":true,"href":"https:\/\/www.kiv-tecklenburg.de\/wordpress\/wp-json\/wp\/v2\/comments?post=729"}],"version-history":[{"count":10,"href":"https:\/\/www.kiv-tecklenburg.de\/wordpress\/wp-json\/wp\/v2\/posts\/729\/revisions"}],"predecessor-version":[{"id":742,"href":"https:\/\/www.kiv-tecklenburg.de\/wordpress\/wp-json\/wp\/v2\/posts\/729\/revisions\/742"}],"wp:attachment":[{"href":"https:\/\/www.kiv-tecklenburg.de\/wordpress\/wp-json\/wp\/v2\/media?parent=729"}],"wp:term":[{"taxonomy":"category","embeddable":true,"href":"https:\/\/www.kiv-tecklenburg.de\/wordpress\/wp-json\/wp\/v2\/categories?post=729"},{"taxonomy":"post_tag","embeddable":true,"href":"https:\/\/www.kiv-tecklenburg.de\/wordpress\/wp-json\/wp\/v2\/tags?post=729"}],"curies":[{"name":"wp","href":"https:\/\/api.w.org\/{rel}","templated":true}]}}